{"id":1211,"date":"2013-05-03T23:53:57","date_gmt":"2013-05-03T21:53:57","guid":{"rendered":"https:\/\/cebie.es\/Staging\/?p=1211"},"modified":"2017-03-27T16:34:33","modified_gmt":"2017-03-27T14:34:33","slug":"socorro-que-hago-tengo-un-hijo-adolescente","status":"publish","type":"post","link":"https:\/\/cebie.es\/Staging\/socorro-que-hago-tengo-un-hijo-adolescente\/","title":{"rendered":"Taller c\u00f3mo contener y conducir la ira de nuestros hijos adolescentes"},"content":{"rendered":"<div class=\"fusion-fullwidth fullwidth-box fusion-builder-row-1 nonhundred-percent-fullwidth non-hundred-percent-height-scrolling\" style=\"--awb-background-position:left top;--awb-border-radius-top-left:0px;--awb-border-radius-top-right:0px;--awb-border-radius-bottom-right:0px;--awb-border-radius-bottom-left:0px;--awb-padding-top:100px;--awb-padding-bottom:75px;--awb-border-sizes-top:0px;--awb-border-sizes-bottom:0px;--awb-flex-wrap:wrap;\" ><div class=\"fusion-builder-row fusion-row\"><div class=\"fusion-layout-column fusion_builder_column fusion-builder-column-0 fusion_builder_column_2_3 2_3 fusion-two-third fusion-column-first\" style=\"--awb-padding-top:0px;--awb-padding-right:40px;--awb-padding-bottom:0px;--awb-padding-left:40px;--awb-bg-color:#ffffff;--awb-bg-color-hover:#ffffff;--awb-bg-size:cover;--awb-border-color:#dddddd;--awb-border-top:0px;--awb-border-right:0px;--awb-border-bottom:0px;--awb-border-left:0px;--awb-border-style:solid;width:65.3333%; margin-right: 4%;\"><div class=\"fusion-column-wrapper fusion-flex-column-wrapper-legacy\"><div class=\"fusion-text fusion-text-1\"><h2>C\u00f3mo contener y conducir la ira de nuestros hijos adolescentes<\/h2>\n<\/div><div class=\"fusion-text fusion-text-2\"><p>La ira o rabia es una emoci\u00f3n, un deseo, que est\u00e1 reprimido en nuestro inconsciente, que no tiene palabras y muchas veces se expresa o fluye al exterior con el resentimiento, la furia o irritabilidad. El deseo de esta manera, logra realizarse o actuar sin lograr conectarse con nuestra parte consciente o la raz\u00f3n y en muchas ocasiones tampoco se conecta con el acontecimiento mismo que nos produce esta emoci\u00f3n y a\u00fan m\u00e1s con aquella huella o marca pasada que dej\u00f3 un significado en nuestra experiencia emocional personal.<\/p>\n<p>Hay Tres tipos de ira: ira <strong>repentina<\/strong> \u00f3 <strong>precipitada<\/strong>, ira <strong>intencionada<\/strong> e ira <strong>recurrente<\/strong>. La expresi\u00f3n de estos tipos de ira puede tener muchas consecuencias f\u00edsicas y mentales, el amor es la clave para ayudarnos a procesar estas emociones, Freud, dec\u00eda que los individuos nacemos con un innato sentido del amor, pero que la ira y la hostilidad nos llegan cuando la necesidad de amor no es satisfecha o est\u00e1 frustrada.<\/p>\n<\/div><div class=\"fusion-sep-clear\"><\/div><div class=\"fusion-separator fusion-full-width-sep\" style=\"margin-left: auto;margin-right: auto;margin-top:20px;width:100%;\"><\/div><div class=\"fusion-sep-clear\"><\/div><div class=\"fusion-reading-box-container reading-box-container-1\" style=\"--awb-title-color:#333c4e;--awb-margin-top:0px;--awb-margin-bottom:84px;\"><div class=\"reading-box\" style=\"background-color:#f6f6f6;border-width:1px;border-color:#f6f6f6;border-left-width:3px;border-left-color:var(--primary_color);border-style:solid;\"><h2>TALLER VIVENCIAL C\u00d3MO CONTROLAR LA IRA DE NUESTROS HIJOS<\/h2><div class=\"reading-box-description fusion-reading-box-additional\">DIRIGIDO A: Padres de Familia en General<br \/>\n<\/div><div class=\"reading-box-additional\"><i class=\"fb-icon-element-1 fb-icon-element fontawesome-icon fa fa-calendar circle-yes fusion-text-flow\" style=\"--awb-circlebordersize:1px;--awb-font-size:28.16px;--awb-width:56.32px;--awb-height:56.32px;--awb-line-height:54.32px;--awb-margin-right:16px;\"><\/i>\n<p>FECHA: 20 junio del 2013<br \/>\nHORA: 5:30 pm A 7.30 pm<br \/>\nLUGAR: CENTRO<br \/>\nSANITARIO.\u201dCEBIE\u201d<\/p>\n<p>Calle 7 Infantes de Lara<br \/>\nN\u00ba13,1\u00ba, Of. 11 &#8211; LOGRO\u00d1O<br \/>\nPrevia inscripci\u00f3n<br \/>\ntelef\u00f3nica al 636016783<br \/>\ncentro.cebie@gmail.com<\/p>\n<h6>CAPACIDAD LIMITADA<\/h6>\n<\/div><div class=\"fusion-clearfix\"><\/div><\/div><\/div><div class=\"fusion-text fusion-text-3\"><p><a href=\"https:\/\/cebie.es\/Staging\/wp-content\/uploads\/2013\/05\/TALLER-VIVENCIAL-ira.pdf\">PDF TAller vivencial IRA<\/a><\/p>\n<\/div><div class=\"fusion-clearfix\"><\/div><\/div><\/div><div class=\"fusion-layout-column fusion_builder_column fusion-builder-column-1 fusion_builder_column_1_3 1_3 fusion-one-third fusion-column-last\" style=\"--awb-padding-top:0px;--awb-padding-right:30px;--awb-padding-bottom:0px;--awb-padding-left:30px;--awb-bg-color:#ffffff;--awb-bg-color-hover:#ffffff;--awb-bg-size:cover;--awb-border-color:#dddddd;--awb-border-top:0px;--awb-border-right:0px;--awb-border-bottom:0px;--awb-border-left:0px;--awb-border-style:solid;width:30.6666%;\"><div class=\"fusion-column-wrapper fusion-flex-column-wrapper-legacy\"><div class=\"fusion-text fusion-text-4\"><h4 style=\"text-align: left;\">OTROS ART\u00cdCULOS DE ACTUALIDAD<\/h4>\n<\/div><div class=\"fusion-sep-clear\"><\/div><div class=\"fusion-separator fusion-full-width-sep\" style=\"margin-left: auto;margin-right: auto;margin-top:0px;margin-bottom:50px;width:100%;max-width:100%;\"><div class=\"fusion-separator-border sep-single sep-solid\" style=\"--awb-height:20px;--awb-amount:20px;--awb-sep-color:#3bafbf;border-color:#3bafbf;border-top-width:2px;\"><\/div><\/div><div class=\"fusion-sep-clear\"><\/div><div class=\"fusion-recent-posts fusion-recent-posts-1 avada-container layout-default layout-columns-1\"><section class=\"fusion-columns columns fusion-columns-1 columns-1\"><article class=\"post fusion-column column col col-lg-12 col-md-12 col-sm-12\"><div class=\"fusion-flexslider fusion-flexslider-loading flexslider flexslider-hover-type-none\"><ul class=\"slides\"><li><a href=\"https:\/\/cebie.es\/Staging\/metodo-suzuki\/\" aria-label=\"M\u00fasica con M\u00e9todo Suzuki\" class=\"hover-type-none\"><img decoding=\"async\" width=\"700\" height=\"441\" src=\"https:\/\/cebie.es\/Staging\/wp-content\/uploads\/2026\/04\/IAP_9330-700x441.jpg\" class=\"attachment-recent-posts size-recent-posts\" alt=\"\" srcset=\"https:\/\/cebie.es\/Staging\/wp-content\/uploads\/2026\/04\/IAP_9330-320x202.jpg 320w, https:\/\/cebie.es\/Staging\/wp-content\/uploads\/2026\/04\/IAP_9330-700x441.jpg 700w\" sizes=\"(max-width: 700px) 100vw, 700px\" title=\"\"><\/a><\/li><\/ul><\/div><div class=\"recent-posts-content\"><span class=\"vcard\" style=\"display: none;\"><span class=\"fn\"><a href=\"https:\/\/cebie.es\/Staging\/author\/maricela\/\" title=\"Entradas de maricela\" rel=\"author\">maricela<\/a><\/span><\/span><span class=\"updated\" style=\"display:none;\">2026-05-02T12:14:58+02:00<\/span><h4 class=\"entry-title\"><a href=\"https:\/\/cebie.es\/Staging\/metodo-suzuki\/\">M\u00fasica con M\u00e9todo Suzuki<\/a><\/h4><p class=\"meta\"><span class=\"vcard\" style=\"display: none;\"><span class=\"fn\"><a href=\"https:\/\/cebie.es\/Staging\/author\/maricela\/\" title=\"Entradas de maricela\" rel=\"author\">maricela<\/a><\/span><\/span><span class=\"updated\" style=\"display:none;\">2026-05-02T12:14:58+02:00<\/span><span>abril 16th, 2026<\/span><span class=\"fusion-inline-sep\">|<\/span><span class=\"fusion-comments\"><span>Comentarios desactivados<span class=\"screen-reader-text\"> en M\u00fasica con M\u00e9todo Suzuki<\/span><\/span><\/span><\/p><p> Activa tu mente. Conecta con tu bienestar.  En CEBIE ampliamos nuestros servicios para atender tus necesidades. Un espacio pionero para el cuidado emocional y el desarrollo cognitivo para todas las edades abre sus [...]<\/p><\/div><\/article><article class=\"post fusion-column column col col-lg-12 col-md-12 col-sm-12\"><div class=\"fusion-flexslider fusion-flexslider-loading flexslider flexslider-hover-type-none\"><ul class=\"slides\"><li><a href=\"https:\/\/cebie.es\/Staging\/neuroeducacion-sorzano\/\" aria-label=\"Neuroeducaci\u00f3n Sorzano\" class=\"hover-type-none\"><img decoding=\"async\" width=\"700\" height=\"441\" src=\"https:\/\/cebie.es\/Staging\/wp-content\/uploads\/2026\/04\/IAP_9093-700x441.jpg\" class=\"attachment-recent-posts size-recent-posts\" alt=\"\" srcset=\"https:\/\/cebie.es\/Staging\/wp-content\/uploads\/2026\/04\/IAP_9093-320x202.jpg 320w, https:\/\/cebie.es\/Staging\/wp-content\/uploads\/2026\/04\/IAP_9093-700x441.jpg 700w\" sizes=\"(max-width: 700px) 100vw, 700px\" title=\"\"><\/a><\/li><\/ul><\/div><div class=\"recent-posts-content\"><span class=\"vcard\" style=\"display: none;\"><span class=\"fn\"><a href=\"https:\/\/cebie.es\/Staging\/author\/maricela\/\" title=\"Entradas de maricela\" rel=\"author\">maricela<\/a><\/span><\/span><span class=\"updated\" style=\"display:none;\">2026-05-02T12:15:26+02:00<\/span><h4 class=\"entry-title\"><a href=\"https:\/\/cebie.es\/Staging\/neuroeducacion-sorzano\/\">Neuroeducaci\u00f3n Sorzano<\/a><\/h4><p class=\"meta\"><span class=\"vcard\" style=\"display: none;\"><span class=\"fn\"><a href=\"https:\/\/cebie.es\/Staging\/author\/maricela\/\" title=\"Entradas de maricela\" rel=\"author\">maricela<\/a><\/span><\/span><span class=\"updated\" style=\"display:none;\">2026-05-02T12:15:26+02:00<\/span><span>abril 16th, 2026<\/span><span class=\"fusion-inline-sep\">|<\/span><span class=\"fusion-comments\"><span>Comentarios desactivados<span class=\"screen-reader-text\"> en Neuroeducaci\u00f3n Sorzano<\/span><\/span><\/span><\/p><p> Activa tu mente. Conecta con tu bienestar.  En CEBIE ampliamos nuestros servicios para atender tus necesidades. Un espacio pionero para el cuidado emocional y el desarrollo cognitivo para todas las edades abre sus [...]<\/p><\/div><\/article><article class=\"post fusion-column column col col-lg-12 col-md-12 col-sm-12\"><div class=\"fusion-flexslider fusion-flexslider-loading flexslider flexslider-hover-type-none\"><ul class=\"slides\"><li><a href=\"https:\/\/cebie.es\/Staging\/neuropsicologia-sorzano\/\" aria-label=\"Neuropsicolog\u00eda Sorzano\" class=\"hover-type-none\"><img decoding=\"async\" width=\"700\" height=\"441\" src=\"https:\/\/cebie.es\/Staging\/wp-content\/uploads\/2026\/04\/IAP_9095-700x441.jpg\" class=\"attachment-recent-posts size-recent-posts\" alt=\"\" srcset=\"https:\/\/cebie.es\/Staging\/wp-content\/uploads\/2026\/04\/IAP_9095-320x202.jpg 320w, https:\/\/cebie.es\/Staging\/wp-content\/uploads\/2026\/04\/IAP_9095-700x441.jpg 700w\" sizes=\"(max-width: 700px) 100vw, 700px\" title=\"\"><\/a><\/li><\/ul><\/div><div class=\"recent-posts-content\"><span class=\"vcard\" style=\"display: none;\"><span class=\"fn\"><a href=\"https:\/\/cebie.es\/Staging\/author\/maricela\/\" title=\"Entradas de maricela\" rel=\"author\">maricela<\/a><\/span><\/span><span class=\"updated\" style=\"display:none;\">2026-05-02T12:15:52+02:00<\/span><h4 class=\"entry-title\"><a href=\"https:\/\/cebie.es\/Staging\/neuropsicologia-sorzano\/\">Neuropsicolog\u00eda Sorzano<\/a><\/h4><p class=\"meta\"><span class=\"vcard\" style=\"display: none;\"><span class=\"fn\"><a href=\"https:\/\/cebie.es\/Staging\/author\/maricela\/\" title=\"Entradas de maricela\" rel=\"author\">maricela<\/a><\/span><\/span><span class=\"updated\" style=\"display:none;\">2026-05-02T12:15:52+02:00<\/span><span>abril 16th, 2026<\/span><span class=\"fusion-inline-sep\">|<\/span><span class=\"fusion-comments\"><span>Comentarios desactivados<span class=\"screen-reader-text\"> en Neuropsicolog\u00eda Sorzano<\/span><\/span><\/span><\/p><p>     Activa tu mente. Conecta con tu bienestar.  En CEBIE ampliamos nuestros servicios para atender tus necesidades. Un espacio pionero para el cuidado emocional y el desarrollo cognitivo para todas [...]<\/p><\/div><\/article><article class=\"post fusion-column column col col-lg-12 col-md-12 col-sm-12\"><div class=\"fusion-flexslider fusion-flexslider-loading flexslider flexslider-hover-type-none\"><ul class=\"slides\"><li><a href=\"https:\/\/cebie.es\/Staging\/lacan-y-la-agresividad\/\" aria-label=\"Lacan y la agresividad\" class=\"hover-type-none\"><img decoding=\"async\" width=\"441\" height=\"441\" src=\"https:\/\/cebie.es\/Staging\/wp-content\/uploads\/2024\/06\/jacques-lacan.jpg\" class=\"attachment-recent-posts size-recent-posts\" alt=\"Jacques Lacan y la agresividad\" srcset=\"https:\/\/cebie.es\/Staging\/wp-content\/uploads\/2024\/06\/jacques-lacan-66x66.jpg 66w, https:\/\/cebie.es\/Staging\/wp-content\/uploads\/2024\/06\/jacques-lacan-150x150.jpg 150w, https:\/\/cebie.es\/Staging\/wp-content\/uploads\/2024\/06\/jacques-lacan-177x177.jpg 177w, https:\/\/cebie.es\/Staging\/wp-content\/uploads\/2024\/06\/jacques-lacan-200x200.jpg 200w, https:\/\/cebie.es\/Staging\/wp-content\/uploads\/2024\/06\/jacques-lacan-300x300.jpg 300w, https:\/\/cebie.es\/Staging\/wp-content\/uploads\/2024\/06\/jacques-lacan-320x320.jpg 320w, https:\/\/cebie.es\/Staging\/wp-content\/uploads\/2024\/06\/jacques-lacan-400x400.jpg 400w, https:\/\/cebie.es\/Staging\/wp-content\/uploads\/2024\/06\/jacques-lacan-460x460.jpg 460w, https:\/\/cebie.es\/Staging\/wp-content\/uploads\/2024\/06\/jacques-lacan-540x540.jpg 540w, https:\/\/cebie.es\/Staging\/wp-content\/uploads\/2024\/06\/jacques-lacan.jpg 550w\" sizes=\"(max-width: 441px) 100vw, 441px\" title=\"\"><\/a><\/li><\/ul><\/div><div class=\"recent-posts-content\"><span class=\"vcard\" style=\"display: none;\"><span class=\"fn\"><a href=\"https:\/\/cebie.es\/Staging\/author\/salman\/\" title=\"Entradas de CEBIE\" rel=\"author\">CEBIE<\/a><\/span><\/span><span class=\"updated\" style=\"display:none;\">2024-06-12T14:12:58+02:00<\/span><h4 class=\"entry-title\"><a href=\"https:\/\/cebie.es\/Staging\/lacan-y-la-agresividad\/\">Lacan y la agresividad<\/a><\/h4><p class=\"meta\"><span class=\"vcard\" style=\"display: none;\"><span class=\"fn\"><a href=\"https:\/\/cebie.es\/Staging\/author\/salman\/\" title=\"Entradas de CEBIE\" rel=\"author\">CEBIE<\/a><\/span><\/span><span class=\"updated\" style=\"display:none;\">2024-06-12T14:12:58+02:00<\/span><span>junio 12th, 2024<\/span><span class=\"fusion-inline-sep\">|<\/span><span class=\"fusion-comments\"><span>Comentarios desactivados<span class=\"screen-reader-text\"> en Lacan y la agresividad<\/span><\/span><\/span><\/p><p>  \u00bfAlguna vez te has preguntado por qu\u00e9 a veces nos sentimos impulsados a actuar agresivamente, incluso sin raz\u00f3n aparente? La agresividad es un fen\u00f3meno complejo que va m\u00e1s all\u00e1 de un simple impulso [...]<\/p><\/div><\/article><article class=\"post fusion-column column col col-lg-12 col-md-12 col-sm-12\"><div class=\"fusion-flexslider fusion-flexslider-loading flexslider flexslider-hover-type-none\"><ul class=\"slides\"><li><a href=\"https:\/\/cebie.es\/Staging\/descubre-como-la-depresion-influye-sobre-la-fatiga\/\" aria-label=\"Descubre c\u00f3mo la depresi\u00f3n influye sobre la fatiga\" class=\"hover-type-none\"><img decoding=\"async\" width=\"550\" height=\"441\" src=\"https:\/\/cebie.es\/Staging\/wp-content\/uploads\/2024\/06\/como-influye-depresion-en-cansancio-cebie-550x441.jpg\" class=\"attachment-recent-posts size-recent-posts\" alt=\"cansancio por depresi\u00f3n\" srcset=\"https:\/\/cebie.es\/Staging\/wp-content\/uploads\/2024\/06\/como-influye-depresion-en-cansancio-cebie-177x142.jpg 177w, https:\/\/cebie.es\/Staging\/wp-content\/uploads\/2024\/06\/como-influye-depresion-en-cansancio-cebie-550x441.jpg 550w\" sizes=\"(max-width: 550px) 100vw, 550px\" title=\"\"><\/a><\/li><\/ul><\/div><div class=\"recent-posts-content\"><span class=\"vcard\" style=\"display: none;\"><span class=\"fn\"><a href=\"https:\/\/cebie.es\/Staging\/author\/salman\/\" title=\"Entradas de CEBIE\" rel=\"author\">CEBIE<\/a><\/span><\/span><span class=\"updated\" style=\"display:none;\">2024-10-29T11:52:44+01:00<\/span><h4 class=\"entry-title\"><a href=\"https:\/\/cebie.es\/Staging\/descubre-como-la-depresion-influye-sobre-la-fatiga\/\">Descubre c\u00f3mo la depresi\u00f3n influye sobre la fatiga<\/a><\/h4><p class=\"meta\"><span class=\"vcard\" style=\"display: none;\"><span class=\"fn\"><a href=\"https:\/\/cebie.es\/Staging\/author\/salman\/\" title=\"Entradas de CEBIE\" rel=\"author\">CEBIE<\/a><\/span><\/span><span class=\"updated\" style=\"display:none;\">2024-10-29T11:52:44+01:00<\/span><span>junio 4th, 2024<\/span><span class=\"fusion-inline-sep\">|<\/span><span class=\"fusion-comments\"><span>Comentarios desactivados<span class=\"screen-reader-text\"> en Descubre c\u00f3mo la depresi\u00f3n influye sobre la fatiga<\/span><\/span><\/span><\/p><p>\u00a0\u00bfAlguna vez te has preguntado c\u00f3mo la depresi\u00f3n puede afectar a nuestra energ\u00eda y vitalidad del d\u00eda a d\u00eda?La depresi\u00f3n engloba mucho m\u00e1s que el mero hecho de sentirse triste y puede manifestarse tambi\u00e9n f\u00edsicamente [...]<\/p><\/div><\/article><article class=\"post fusion-column column col col-lg-12 col-md-12 col-sm-12\"><div class=\"fusion-flexslider fusion-flexslider-loading flexslider flexslider-hover-type-none\"><ul class=\"slides\"><li><a href=\"https:\/\/cebie.es\/Staging\/todos-estamos-hechos-de-luces-y-sombras\/\" aria-label=\"Todos estamos hechos de luces y sombras.\" class=\"hover-type-none\"><img decoding=\"async\" width=\"700\" height=\"441\" src=\"https:\/\/cebie.es\/Staging\/wp-content\/uploads\/2021\/05\/luces-y-sombras-700x441.jpeg\" class=\"attachment-recent-posts size-recent-posts\" alt=\"\" srcset=\"https:\/\/cebie.es\/Staging\/wp-content\/uploads\/2021\/05\/luces-y-sombras-320x202.jpeg 320w, https:\/\/cebie.es\/Staging\/wp-content\/uploads\/2021\/05\/luces-y-sombras-700x441.jpeg 700w\" sizes=\"(max-width: 700px) 100vw, 700px\" title=\"\"><\/a><\/li><\/ul><\/div><div class=\"recent-posts-content\"><span class=\"vcard\" style=\"display: none;\"><span class=\"fn\"><a href=\"https:\/\/cebie.es\/Staging\/author\/maricela\/\" title=\"Entradas de maricela\" rel=\"author\">maricela<\/a><\/span><\/span><span class=\"updated\" style=\"display:none;\">2021-05-21T15:52:49+02:00<\/span><h4 class=\"entry-title\"><a href=\"https:\/\/cebie.es\/Staging\/todos-estamos-hechos-de-luces-y-sombras\/\">Todos estamos hechos de luces y sombras.<\/a><\/h4><p class=\"meta\"><span class=\"vcard\" style=\"display: none;\"><span class=\"fn\"><a href=\"https:\/\/cebie.es\/Staging\/author\/maricela\/\" title=\"Entradas de maricela\" rel=\"author\">maricela<\/a><\/span><\/span><span class=\"updated\" style=\"display:none;\">2021-05-21T15:52:49+02:00<\/span><span>mayo 21st, 2021<\/span><span class=\"fusion-inline-sep\">|<\/span><span class=\"fusion-comments\"><span>Comentarios desactivados<span class=\"screen-reader-text\"> en Todos estamos hechos de luces y sombras.<\/span><\/span><\/span><\/p><p>Aceptar las dos partes de la misma moneda es una buena forma de estar en contacto con nosotrxs mismxs, con nuestrxs emociones, pensamientos y circunstancias reales. No todo son luces. No todo son sombras. No [...]<\/p><\/div><\/article><\/section><\/div><div class=\"fusion-sep-clear\"><\/div><div class=\"fusion-separator fusion-full-width-sep\" style=\"margin-left: auto;margin-right: auto;margin-top:50px;width:100%;\"><\/div><div class=\"fusion-sep-clear\"><\/div><div class=\"fusion-text fusion-text-5\"><h4 style=\"text-align: left;\">CONTACTA<\/h4>\n<\/div><div class=\"fusion-sep-clear\"><\/div><div class=\"fusion-separator fusion-full-width-sep\" style=\"margin-left: auto;margin-right: auto;margin-top:0px;margin-bottom:30px;width:100%;max-width:100%;\"><div class=\"fusion-separator-border sep-single sep-solid\" style=\"--awb-height:20px;--awb-amount:20px;--awb-sep-color:#3bafbf;border-color:#3bafbf;border-top-width:2px;\"><\/div><\/div><div class=\"fusion-sep-clear\"><\/div><div class=\"fusion-text fusion-text-6\"><h4 style=\"font-weight: 400; text-align: center;\"><i class=\"fa fa-phone\"><\/i> \u00a0\u00a0636 016 783<\/h4>\n<\/div><div class=\"fusion-sep-clear\"><\/div><div class=\"fusion-separator fusion-full-width-sep\" style=\"margin-left: auto;margin-right: auto;margin-top:50px;width:100%;\"><\/div><div class=\"fusion-sep-clear\"><\/div><div class=\"fusion-clearfix\"><\/div><\/div><\/div><\/div><\/div>\n","protected":false},"excerpt":{"rendered":"","protected":false},"author":8,"featured_media":0,"comment_status":"open","ping_status":"open","sticky":false,"template":"","format":"standard","meta":{"_joinchat":[],"footnotes":""},"categories":[38],"tags":[],"class_list":["post-1211","post","type-post","status-publish","format-standard","hentry","category-actividades"],"amp_enabled":true,"_links":{"self":[{"href":"https:\/\/cebie.es\/Staging\/wp-json\/wp\/v2\/posts\/1211","targetHints":{"allow":["GET"]}}],"collection":[{"href":"https:\/\/cebie.es\/Staging\/wp-json\/wp\/v2\/posts"}],"about":[{"href":"https:\/\/cebie.es\/Staging\/wp-json\/wp\/v2\/types\/post"}],"author":[{"embeddable":true,"href":"https:\/\/cebie.es\/Staging\/wp-json\/wp\/v2\/users\/8"}],"replies":[{"embeddable":true,"href":"https:\/\/cebie.es\/Staging\/wp-json\/wp\/v2\/comments?post=1211"}],"version-history":[{"count":0,"href":"https:\/\/cebie.es\/Staging\/wp-json\/wp\/v2\/posts\/1211\/revisions"}],"wp:attachment":[{"href":"https:\/\/cebie.es\/Staging\/wp-json\/wp\/v2\/media?parent=1211"}],"wp:term":[{"taxonomy":"category","embeddable":true,"href":"https:\/\/cebie.es\/Staging\/wp-json\/wp\/v2\/categories?post=1211"},{"taxonomy":"post_tag","embeddable":true,"href":"https:\/\/cebie.es\/Staging\/wp-json\/wp\/v2\/tags?post=1211"}],"curies":[{"name":"wp","href":"https:\/\/api.w.org\/{rel}","templated":true}]}}