{"id":1615,"date":"2015-02-17T10:39:17","date_gmt":"2015-02-17T09:39:17","guid":{"rendered":"https:\/\/cebie.es\/Staging\/?p=1615"},"modified":"2017-06-08T18:53:27","modified_gmt":"2017-06-08T16:53:27","slug":"experiencia-desamor-psicologica","status":"publish","type":"post","link":"https:\/\/cebie.es\/Staging\/experiencia-desamor-psicologica\/","title":{"rendered":"Pas\u00e9 por una fuerte experiencia de desamor y no s\u00e9 qu\u00e9 hacer"},"content":{"rendered":"<div class=\"fusion-fullwidth fullwidth-box fusion-builder-row-1 nonhundred-percent-fullwidth non-hundred-percent-height-scrolling\" style=\"--awb-background-position:left top;--awb-border-radius-top-left:0px;--awb-border-radius-top-right:0px;--awb-border-radius-bottom-right:0px;--awb-border-radius-bottom-left:0px;--awb-padding-top:100px;--awb-padding-bottom:75px;--awb-border-sizes-top:0px;--awb-border-sizes-bottom:0px;--awb-flex-wrap:wrap;\" ><div class=\"fusion-builder-row fusion-row\"><div class=\"fusion-layout-column fusion_builder_column fusion-builder-column-0 fusion_builder_column_2_3 2_3 fusion-two-third fusion-column-first\" style=\"--awb-padding-top:0px;--awb-padding-right:40px;--awb-padding-bottom:0px;--awb-padding-left:40px;--awb-bg-color:#ffffff;--awb-bg-color-hover:#ffffff;--awb-bg-size:cover;--awb-border-color:#dddddd;--awb-border-top:0px;--awb-border-right:0px;--awb-border-bottom:0px;--awb-border-left:0px;--awb-border-style:solid;width:65.3333%; margin-right: 4%;\"><div class=\"fusion-column-wrapper fusion-flex-column-wrapper-legacy\"><div class=\"fusion-text fusion-text-1\"><h2>Pas\u00e9 por una fuerte experiencia de desamor y no s\u00e9 qu\u00e9 hacer<\/h2>\n<h4>Karen<\/h4>\n<\/div><div class=\"fusion-text fusion-text-2\"><p>Hola Karen gracias por escribirnos y confiar tu problema, en principio quiero decirte que todo tiene soluci\u00f3n y es normal que te sientas nerviosa o con mucha ansiedad despu\u00e9s de haber roto esta relaci\u00f3n amorosa, imagino que lo sientes como que te desgarras la piel y eso duele, \u00e8sto significa que estas transitando un proceso de duelo por \u00e9sta p\u00e9rdida y eso es normal, dura com\u00fanmente dependiendo a la cantidad de a\u00f1os de convivencia entre 2 y 4 a\u00f1os, pero eso no significa que te quedes sufriendo, NO , lo que te sugiero es que empieces a apoyarte en tus seres queridos, familiares o amigos, y pensar en positivo, de todo se saca algo bueno, retoma las cosas que te gusta hacer y lo que so\u00f1abas realizar y empieza a construir tus nuevas metas y objetivos de vida,<\/p>\n<p>Recuerda si todo esto no lo puedes hacer sola es bueno que solicites ayuda profesional, a nosotros ya sabes c\u00f3mo ubicarnos , estaremos gustosos de poder ayudarte.\u00a1\u00c1NIMO Y ADELANTE!<\/p>\n<\/div><div class=\"fusion-clearfix\"><\/div><\/div><\/div><div class=\"fusion-layout-column fusion_builder_column fusion-builder-column-1 fusion_builder_column_1_3 1_3 fusion-one-third fusion-column-last\" style=\"--awb-padding-top:0px;--awb-padding-right:30px;--awb-padding-bottom:0px;--awb-padding-left:30px;--awb-bg-color:#ffffff;--awb-bg-color-hover:#ffffff;--awb-bg-size:cover;--awb-border-color:#dddddd;--awb-border-top:0px;--awb-border-right:0px;--awb-border-bottom:0px;--awb-border-left:0px;--awb-border-style:solid;width:30.6666%;\"><div class=\"fusion-column-wrapper fusion-flex-column-wrapper-legacy\"><div class=\"fusion-text fusion-text-3\"><h4 style=\"text-align: left;\">OTROS\u00a0CONSULTAS<\/h4>\n<\/div><div class=\"fusion-sep-clear\"><\/div><div class=\"fusion-separator fusion-full-width-sep\" style=\"margin-left: auto;margin-right: auto;margin-top:0px;margin-bottom:50px;width:100%;max-width:100%;\"><div class=\"fusion-separator-border sep-single sep-solid\" style=\"--awb-height:20px;--awb-amount:20px;--awb-sep-color:#3bafbf;border-color:#3bafbf;border-top-width:2px;\"><\/div><\/div><div class=\"fusion-sep-clear\"><\/div><div class=\"fusion-recent-posts fusion-recent-posts-1 avada-container layout-default layout-columns-1\"><section class=\"fusion-columns columns fusion-columns-1 columns-1\"><article class=\"post fusion-column column col col-lg-12 col-md-12 col-sm-12\"><div class=\"recent-posts-content\"><span class=\"vcard\" style=\"display: none;\"><span class=\"fn\"><a href=\"https:\/\/cebie.es\/Staging\/author\/maricela\/\" title=\"Entradas de maricela\" rel=\"author\">maricela<\/a><\/span><\/span><span class=\"updated\" style=\"display:none;\">2020-11-02T10:58:59+01:00<\/span><h4 class=\"entry-title\"><a href=\"https:\/\/cebie.es\/Staging\/3042-2\/\">\u00a0\u00bfPor qu\u00e9 una persona puede terminar siempre con el mismo tipo personas a\u00fan sabiendo que no le convienen?<\/a><\/h4><p class=\"meta\"><span class=\"vcard\" style=\"display: none;\"><span class=\"fn\"><a href=\"https:\/\/cebie.es\/Staging\/author\/maricela\/\" title=\"Entradas de maricela\" rel=\"author\">maricela<\/a><\/span><\/span><span class=\"updated\" style=\"display:none;\">2020-11-02T10:58:59+01:00<\/span><span>noviembre 2nd, 2020<\/span><span class=\"fusion-inline-sep\">|<\/span><span class=\"fusion-comments\"><span>Comentarios desactivados<span class=\"screen-reader-text\"> en \u00a0\u00bfPor qu\u00e9 una persona puede terminar siempre con el mismo tipo personas a\u00fan sabiendo que no le convienen?<\/span><\/span><\/span><\/p><p> Es una excelente cuesti\u00f3n y es mucho m\u00e1s com\u00fan de lo que nos podemos imaginar. Muchas personas observan a lo largo de su vida que han ido cometiendo el mismo tipo de errores y [...]<\/p><\/div><\/article><article class=\"post fusion-column column col col-lg-12 col-md-12 col-sm-12\"><div class=\"recent-posts-content\"><span class=\"vcard\" style=\"display: none;\"><span class=\"fn\"><a href=\"https:\/\/cebie.es\/Staging\/author\/maricela\/\" title=\"Entradas de maricela\" rel=\"author\">maricela<\/a><\/span><\/span><span class=\"updated\" style=\"display:none;\">2017-04-07T00:56:12+02:00<\/span><h4 class=\"entry-title\"><a href=\"https:\/\/cebie.es\/Staging\/cual-es-la-importancia-de-que-te-miren\/\">Cu\u00e1l es la importancia de que te miren<\/a><\/h4><p class=\"meta\"><span class=\"vcard\" style=\"display: none;\"><span class=\"fn\"><a href=\"https:\/\/cebie.es\/Staging\/author\/maricela\/\" title=\"Entradas de maricela\" rel=\"author\">maricela<\/a><\/span><\/span><span class=\"updated\" style=\"display:none;\">2017-04-07T00:56:12+02:00<\/span><span>marzo 27th, 2017<\/span><span class=\"fusion-inline-sep\">|<\/span><span class=\"fusion-comments\"><span>Comentarios desactivados<span class=\"screen-reader-text\"> en Cu\u00e1l es la importancia de que te miren<\/span><\/span><\/span><\/p><p> \"Cuando yo nac\u00ed mi madre no quer\u00eda verme y ahora hago m\u00e9ritos para que me mire\"  Es importante que entiendas que la mirada del otro sobre todo en nuestros primeros a\u00f1os de vida [...]<\/p><\/div><\/article><article class=\"post fusion-column column col col-lg-12 col-md-12 col-sm-12\"><div class=\"recent-posts-content\"><span class=\"vcard\" style=\"display: none;\"><span class=\"fn\"><a href=\"https:\/\/cebie.es\/Staging\/author\/maricela\/\" title=\"Entradas de maricela\" rel=\"author\">maricela<\/a><\/span><\/span><span class=\"updated\" style=\"display:none;\">2017-06-08T18:50:55+02:00<\/span><h4 class=\"entry-title\"><a href=\"https:\/\/cebie.es\/Staging\/por-que-me-cuesta-pedir-ayuda\/\">\u00bfPor qu\u00e9 me cuesta pedir ayuda, por qu\u00e9 me da miedo el mundo?<\/a><\/h4><p class=\"meta\"><span class=\"vcard\" style=\"display: none;\"><span class=\"fn\"><a href=\"https:\/\/cebie.es\/Staging\/author\/maricela\/\" title=\"Entradas de maricela\" rel=\"author\">maricela<\/a><\/span><\/span><span class=\"updated\" style=\"display:none;\">2017-06-08T18:50:55+02:00<\/span><span>abril 29th, 2015<\/span><span class=\"fusion-inline-sep\">|<\/span><span class=\"fusion-comments\"><span>Comentarios desactivados<span class=\"screen-reader-text\"> en \u00bfPor qu\u00e9 me cuesta pedir ayuda, por qu\u00e9 me da miedo el mundo?<\/span><\/span><\/span><\/p><p> \u00bfPor qu\u00e9 me cuesta pedir ayuda, por qu\u00e9 me da miedo el mundo? Mar\u00eda, estudiante de psicolog\u00eda  Es una pregunta muy interesante y responderse es un deber, te invito a darte las respuestas\u00a0 [...]<\/p><\/div><\/article><article class=\"post fusion-column column col col-lg-12 col-md-12 col-sm-12\"><div class=\"recent-posts-content\"><span class=\"vcard\" style=\"display: none;\"><span class=\"fn\"><a href=\"https:\/\/cebie.es\/Staging\/author\/maricela\/\" title=\"Entradas de maricela\" rel=\"author\">maricela<\/a><\/span><\/span><span class=\"updated\" style=\"display:none;\">2017-06-08T18:53:27+02:00<\/span><h4 class=\"entry-title\"><a href=\"https:\/\/cebie.es\/Staging\/experiencia-desamor-psicologica\/\">Pas\u00e9 por una fuerte experiencia de desamor y no s\u00e9 qu\u00e9 hacer<\/a><\/h4><p class=\"meta\"><span class=\"vcard\" style=\"display: none;\"><span class=\"fn\"><a href=\"https:\/\/cebie.es\/Staging\/author\/maricela\/\" title=\"Entradas de maricela\" rel=\"author\">maricela<\/a><\/span><\/span><span class=\"updated\" style=\"display:none;\">2017-06-08T18:53:27+02:00<\/span><span>febrero 17th, 2015<\/span><span class=\"fusion-inline-sep\">|<\/span><span class=\"fusion-comments\"><span>Comentarios desactivados<span class=\"screen-reader-text\"> en Pas\u00e9 por una fuerte experiencia de desamor y no s\u00e9 qu\u00e9 hacer<\/span><\/span><\/span><\/p><p> Pas\u00e9 por una fuerte experiencia de desamor y no s\u00e9 qu\u00e9 hacer Karen  Hola Karen gracias por escribirnos y confiar tu problema, en principio quiero decirte que todo tiene soluci\u00f3n y es normal [...]<\/p><\/div><\/article><article class=\"post fusion-column column col col-lg-12 col-md-12 col-sm-12\"><div class=\"recent-posts-content\"><span class=\"vcard\" style=\"display: none;\"><span class=\"fn\"><a href=\"https:\/\/cebie.es\/Staging\/author\/maricela\/\" title=\"Entradas de maricela\" rel=\"author\">maricela<\/a><\/span><\/span><span class=\"updated\" style=\"display:none;\">2017-06-08T18:54:57+02:00<\/span><h4 class=\"entry-title\"><a href=\"https:\/\/cebie.es\/Staging\/miedo-a-hablar-en-publico\/\">Tengo miedo a hablar en p\u00fablico, \u00bfQu\u00e9 puedo hacer? (Diego)<\/a><\/h4><p class=\"meta\"><span class=\"vcard\" style=\"display: none;\"><span class=\"fn\"><a href=\"https:\/\/cebie.es\/Staging\/author\/maricela\/\" title=\"Entradas de maricela\" rel=\"author\">maricela<\/a><\/span><\/span><span class=\"updated\" style=\"display:none;\">2017-06-08T18:54:57+02:00<\/span><span>junio 16th, 2014<\/span><span class=\"fusion-inline-sep\">|<\/span><span class=\"fusion-comments\"><span>Comentarios desactivados<span class=\"screen-reader-text\"> en Tengo miedo a hablar en p\u00fablico, \u00bfQu\u00e9 puedo hacer? (Diego)<\/span><\/span><\/span><\/p><p> Tengo miedo a hablar en p\u00fablico Diego, joven universitario  Hola Diego gracias por escribirnos y comentarnos tu dificultad. Es evidentemente dif\u00edcil vivir temiendo al qu\u00e9 dir\u00e1n y desconfiando de si mimo; lo\u00a0 primero [...]<\/p><\/div><\/article><article class=\"post fusion-column column col col-lg-12 col-md-12 col-sm-12\"><div class=\"recent-posts-content\"><span class=\"vcard\" style=\"display: none;\"><span class=\"fn\"><a href=\"https:\/\/cebie.es\/Staging\/author\/maricela\/\" title=\"Entradas de maricela\" rel=\"author\">maricela<\/a><\/span><\/span><span class=\"updated\" style=\"display:none;\">2017-06-08T18:59:11+02:00<\/span><h4 class=\"entry-title\"><a href=\"https:\/\/cebie.es\/Staging\/no-puedo-olvidar-mi-expareja\/\">No puedo olvidarme de mi ex pareja \u00bfpor qu\u00e9 me pasa esto?<\/a><\/h4><p class=\"meta\"><span class=\"vcard\" style=\"display: none;\"><span class=\"fn\"><a href=\"https:\/\/cebie.es\/Staging\/author\/maricela\/\" title=\"Entradas de maricela\" rel=\"author\">maricela<\/a><\/span><\/span><span class=\"updated\" style=\"display:none;\">2017-06-08T18:59:11+02:00<\/span><span>febrero 11th, 2014<\/span><span class=\"fusion-inline-sep\">|<\/span><span class=\"fusion-comments\"><span>Comentarios desactivados<span class=\"screen-reader-text\"> en No puedo olvidarme de mi ex pareja \u00bfpor qu\u00e9 me pasa esto?<\/span><\/span><\/span><\/p><p> No puedo olvidarme de mi ex pareja \u00bfpor qu\u00e9 me pasa esto? \"Ella iba a lo suyo y yo a lo m\u00edo. No nos pod\u00edamos tolerar peque\u00f1os fallos, nos peleamos y lo dejamos pero [...]<\/p><\/div><\/article><\/section><\/div><div class=\"fusion-sep-clear\"><\/div><div class=\"fusion-separator fusion-full-width-sep\" style=\"margin-left: auto;margin-right: auto;margin-top:50px;width:100%;\"><\/div><div class=\"fusion-sep-clear\"><\/div><div class=\"fusion-text fusion-text-4\"><h4 style=\"text-align: left;\">CONTACTA<\/h4>\n<\/div><div class=\"fusion-sep-clear\"><\/div><div class=\"fusion-separator fusion-full-width-sep\" style=\"margin-left: auto;margin-right: auto;margin-top:0px;margin-bottom:30px;width:100%;max-width:100%;\"><div class=\"fusion-separator-border sep-single sep-solid\" style=\"--awb-height:20px;--awb-amount:20px;--awb-sep-color:#3bafbf;border-color:#3bafbf;border-top-width:2px;\"><\/div><\/div><div class=\"fusion-sep-clear\"><\/div><div class=\"fusion-text fusion-text-5\"><h4 style=\"font-weight: 400; text-align: center;\"><i class=\"fa fa-phone\"><\/i> \u00a0\u00a0636 016 783<\/h4>\n<\/div><div class=\"fusion-sep-clear\"><\/div><div class=\"fusion-separator fusion-full-width-sep\" style=\"margin-left: auto;margin-right: auto;margin-top:50px;width:100%;\"><\/div><div class=\"fusion-sep-clear\"><\/div><div class=\"fusion-clearfix\"><\/div><\/div><\/div><\/div><\/div>\n","protected":false},"excerpt":{"rendered":"","protected":false},"author":8,"featured_media":0,"comment_status":"open","ping_status":"open","sticky":false,"template":"","format":"standard","meta":{"_joinchat":[],"footnotes":""},"categories":[4],"tags":[],"class_list":["post-1615","post","type-post","status-publish","format-standard","hentry","category-consultas-psicologia"],"amp_enabled":true,"_links":{"self":[{"href":"https:\/\/cebie.es\/Staging\/wp-json\/wp\/v2\/posts\/1615","targetHints":{"allow":["GET"]}}],"collection":[{"href":"https:\/\/cebie.es\/Staging\/wp-json\/wp\/v2\/posts"}],"about":[{"href":"https:\/\/cebie.es\/Staging\/wp-json\/wp\/v2\/types\/post"}],"author":[{"embeddable":true,"href":"https:\/\/cebie.es\/Staging\/wp-json\/wp\/v2\/users\/8"}],"replies":[{"embeddable":true,"href":"https:\/\/cebie.es\/Staging\/wp-json\/wp\/v2\/comments?post=1615"}],"version-history":[{"count":0,"href":"https:\/\/cebie.es\/Staging\/wp-json\/wp\/v2\/posts\/1615\/revisions"}],"wp:attachment":[{"href":"https:\/\/cebie.es\/Staging\/wp-json\/wp\/v2\/media?parent=1615"}],"wp:term":[{"taxonomy":"category","embeddable":true,"href":"https:\/\/cebie.es\/Staging\/wp-json\/wp\/v2\/categories?post=1615"},{"taxonomy":"post_tag","embeddable":true,"href":"https:\/\/cebie.es\/Staging\/wp-json\/wp\/v2\/tags?post=1615"}],"curies":[{"name":"wp","href":"https:\/\/api.w.org\/{rel}","templated":true}]}}