{"id":1642,"date":"2015-04-29T10:07:36","date_gmt":"2015-04-29T08:07:36","guid":{"rendered":"https:\/\/cebie.es\/Staging\/?p=1642"},"modified":"2017-06-08T18:50:55","modified_gmt":"2017-06-08T16:50:55","slug":"por-que-me-cuesta-pedir-ayuda","status":"publish","type":"post","link":"https:\/\/cebie.es\/Staging\/por-que-me-cuesta-pedir-ayuda\/","title":{"rendered":"\u00bfPor qu\u00e9 me cuesta pedir ayuda, por qu\u00e9 me da miedo el mundo?"},"content":{"rendered":"<div class=\"fusion-fullwidth fullwidth-box fusion-builder-row-1 nonhundred-percent-fullwidth non-hundred-percent-height-scrolling\" style=\"--awb-background-position:left top;--awb-border-radius-top-left:0px;--awb-border-radius-top-right:0px;--awb-border-radius-bottom-right:0px;--awb-border-radius-bottom-left:0px;--awb-padding-top:100px;--awb-padding-bottom:75px;--awb-border-sizes-top:0px;--awb-border-sizes-bottom:0px;--awb-flex-wrap:wrap;\" ><div class=\"fusion-builder-row fusion-row\"><div class=\"fusion-layout-column fusion_builder_column fusion-builder-column-0 fusion_builder_column_2_3 2_3 fusion-two-third fusion-column-first\" style=\"--awb-padding-top:0px;--awb-padding-right:40px;--awb-padding-bottom:0px;--awb-padding-left:40px;--awb-bg-color:#ffffff;--awb-bg-color-hover:#ffffff;--awb-bg-size:cover;--awb-border-color:#dddddd;--awb-border-top:0px;--awb-border-right:0px;--awb-border-bottom:0px;--awb-border-left:0px;--awb-border-style:solid;width:65.3333%; margin-right: 4%;\"><div class=\"fusion-column-wrapper fusion-flex-column-wrapper-legacy\"><div class=\"fusion-text fusion-text-1\"><h2>\u00bfPor qu\u00e9 me cuesta pedir ayuda, por qu\u00e9 me da miedo el mundo?<\/h2>\n<h4>Mar\u00eda, estudiante de psicolog\u00eda<\/h4>\n<\/div><div class=\"fusion-text fusion-text-2\"><p>Es una pregunta muy interesante y responderse es un deber, te invito a darte las respuestas\u00a0 usando t\u00fa inteligencia, y como eres estudiante de nuestro gremio de psic\u00f3logos, te voy a dar \u00a0unas ideas que te ayuden a obtener la respuesta, lo primero que me hace pensar tu pregunta es sobre \u00bfc\u00f3mo han sido tu v\u00ednculos de apego? , te explico por donde pueden ir tus reflexiones, Bowlby es el autor de esta teor\u00eda y nos habla sobre el apego, \u00e9l define el apego como \u00a0\u201cuna necesidad humana que se manifiesta durante toda la vida\u201d. Cuando llegamos a este mundo nos encontramos absolutamente necesitados del Otro para poder vivir porque no podemos valernos por nosotros mismos, pero no venimos sin nada, nuestra naturaleza es sabia traemos con nosotros recursos biol\u00f3gicos como es el llanto, el gritar o agarrarse, que los usamos para buscar la seguridad, la proximidad que nos permita seguir existiendo, \u00e9stos recursos biol\u00f3gicos del que nos habla Bowlby \u00a0act\u00faan como est\u00edmulos que provocan respuestas en nuestros cuidadores. El tipo de respuestas que emiten nuestros cuidadores pueden ir desde el desinter\u00e9s total, el descuido o la dificultad de entender nuestras necesidades,\u00a0 hasta el cuidado\u00a0 la contenci\u00f3n la disponibilidad o accesibilidad permanente y adecuada.<\/p>\n<p>C\u00f3mo vez hasta ac\u00e1 te ayudar\u00e1 mucho el historiarte, te animo a que hagas tu propia Historia Cl\u00ednica sigue el modelo de Carlos Alberto Segu\u00edn, te ayudar\u00e1 a observar como son tus figuras paternas o cuidadores. Continuando con nuestra reflexi\u00f3n, te percatas que es el Otro \u201cla madre com\u00fanmente\u201d el que \u00a0va ayudando a construir nuestro estado mental, nuestro\u00a0 psiquismo, si tenemos por ejemplo una madre depresiva ya entender\u00e1s que es dif\u00edcil que logre ejercer su rol materno como verdadero continente de nuestras necesidades tanto f\u00edsicas como emocionales, probablemente su enfermedad no le ha permitido comunicarse bien y estar en sinton\u00eda con nuestros deseos. \u00c9stos primeros v\u00ednculos \u00a0sanos o insanos van a ser luego la marca o primeras huellas, por donde siempre transitaremos inconscientemente y van a\u00a0determinar las \u00a0diferentes etapas de nuestro desarrollo ps\u00edquico, por ejemplo un ni\u00f1o cuando est\u00e1 en la etapa de investigaci\u00f3n y exploraci\u00f3n del mundo, com\u00fanmente se aleja de la madre explora el ambiente y retorna a su lado, se siente seguro despu\u00e9s de ver a su madre y \u00a0vuelve a explora el mundo; \u00a0\u00e9ste ir y venir no le ser\u00e1 f\u00e1cil si vive en una ambiente de violencia, va dificultar no solo el desarrollo de su capacidad intelectual, sino su capacidad de vincularse con seguridad y aprender\u00e1 a aislarse, llenarse de temor y no pedir ayuda.<\/p>\n<p>Por lo tanto hasta aqu\u00ed estar\u00edamos hablando de dos aspectos uno el determinante biol\u00f3gico que lo\u00a0 traemos en nuestros \u00a0genes, que le dan su peculiaridad a nuestro estado an\u00edmico a nuestra imaginaci\u00f3n a nuestro f\u00edsico a nuestras fantas\u00edas y lo otro es la influencia ambiental, cuyo peso primordial recae en nuestras figuras parentales o sustitutos. \u00c9stos factores determinan nuestra salud y equilibrio emocional o la enfermedad y la patolog\u00eda. Hay varios autores post freudianos\u00a0 entre ellos Mahler, Fonagy, Melanie Klein, Winnicott, Lac\u00e1n con el estad\u00edo del espejo, que nos hablan en detalle sobre c\u00f3mo se dan estos procesos de desarrollo infantil. Te animo a leerlos te dar\u00e1n luz con su teor\u00edas sobre tus dudas personales y te preparar\u00e1s mejor para ejercer la carrera de psicolog\u00eda, este entender aspectos personales muchas veces no lo podemos hacer solos, necesitamos de ayuda profesional y es bueno que tengas tu propio espacio de terapia individual o tratamiento psicol\u00f3gico<\/p>\n<\/div><div class=\"fusion-clearfix\"><\/div><\/div><\/div><div class=\"fusion-layout-column fusion_builder_column fusion-builder-column-1 fusion_builder_column_1_3 1_3 fusion-one-third fusion-column-last\" style=\"--awb-padding-top:0px;--awb-padding-right:30px;--awb-padding-bottom:0px;--awb-padding-left:30px;--awb-bg-color:#ffffff;--awb-bg-color-hover:#ffffff;--awb-bg-size:cover;--awb-border-color:#dddddd;--awb-border-top:0px;--awb-border-right:0px;--awb-border-bottom:0px;--awb-border-left:0px;--awb-border-style:solid;width:30.6666%;\"><div class=\"fusion-column-wrapper fusion-flex-column-wrapper-legacy\"><div class=\"fusion-text fusion-text-3\"><h4 style=\"text-align: left;\">OTROS\u00a0CONSULTAS<\/h4>\n<\/div><div class=\"fusion-sep-clear\"><\/div><div class=\"fusion-separator fusion-full-width-sep\" style=\"margin-left: auto;margin-right: auto;margin-top:0px;margin-bottom:50px;width:100%;max-width:100%;\"><div class=\"fusion-separator-border sep-single sep-solid\" style=\"--awb-height:20px;--awb-amount:20px;--awb-sep-color:#3bafbf;border-color:#3bafbf;border-top-width:2px;\"><\/div><\/div><div class=\"fusion-sep-clear\"><\/div><div class=\"fusion-recent-posts fusion-recent-posts-1 avada-container layout-default layout-columns-1\"><section class=\"fusion-columns columns fusion-columns-1 columns-1\"><article class=\"post fusion-column column col col-lg-12 col-md-12 col-sm-12\"><div class=\"recent-posts-content\"><span class=\"vcard\" style=\"display: none;\"><span class=\"fn\"><a href=\"https:\/\/cebie.es\/Staging\/author\/maricela\/\" title=\"Entradas de maricela\" rel=\"author\">maricela<\/a><\/span><\/span><span class=\"updated\" style=\"display:none;\">2020-11-02T10:58:59+01:00<\/span><h4 class=\"entry-title\"><a href=\"https:\/\/cebie.es\/Staging\/3042-2\/\">\u00a0\u00bfPor qu\u00e9 una persona puede terminar siempre con el mismo tipo personas a\u00fan sabiendo que no le convienen?<\/a><\/h4><p class=\"meta\"><span class=\"vcard\" style=\"display: none;\"><span class=\"fn\"><a href=\"https:\/\/cebie.es\/Staging\/author\/maricela\/\" title=\"Entradas de maricela\" rel=\"author\">maricela<\/a><\/span><\/span><span class=\"updated\" style=\"display:none;\">2020-11-02T10:58:59+01:00<\/span><span>noviembre 2nd, 2020<\/span><span class=\"fusion-inline-sep\">|<\/span><span class=\"fusion-comments\"><span>Comentarios desactivados<span class=\"screen-reader-text\"> en \u00a0\u00bfPor qu\u00e9 una persona puede terminar siempre con el mismo tipo personas a\u00fan sabiendo que no le convienen?<\/span><\/span><\/span><\/p><p> Es una excelente cuesti\u00f3n y es mucho m\u00e1s com\u00fan de lo que nos podemos imaginar. Muchas personas observan a lo largo de su vida que han ido cometiendo el mismo tipo de errores y [...]<\/p><\/div><\/article><article class=\"post fusion-column column col col-lg-12 col-md-12 col-sm-12\"><div class=\"recent-posts-content\"><span class=\"vcard\" style=\"display: none;\"><span class=\"fn\"><a href=\"https:\/\/cebie.es\/Staging\/author\/maricela\/\" title=\"Entradas de maricela\" rel=\"author\">maricela<\/a><\/span><\/span><span class=\"updated\" style=\"display:none;\">2017-04-07T00:56:12+02:00<\/span><h4 class=\"entry-title\"><a href=\"https:\/\/cebie.es\/Staging\/cual-es-la-importancia-de-que-te-miren\/\">Cu\u00e1l es la importancia de que te miren<\/a><\/h4><p class=\"meta\"><span class=\"vcard\" style=\"display: none;\"><span class=\"fn\"><a href=\"https:\/\/cebie.es\/Staging\/author\/maricela\/\" title=\"Entradas de maricela\" rel=\"author\">maricela<\/a><\/span><\/span><span class=\"updated\" style=\"display:none;\">2017-04-07T00:56:12+02:00<\/span><span>marzo 27th, 2017<\/span><span class=\"fusion-inline-sep\">|<\/span><span class=\"fusion-comments\"><span>Comentarios desactivados<span class=\"screen-reader-text\"> en Cu\u00e1l es la importancia de que te miren<\/span><\/span><\/span><\/p><p> \"Cuando yo nac\u00ed mi madre no quer\u00eda verme y ahora hago m\u00e9ritos para que me mire\"  Es importante que entiendas que la mirada del otro sobre todo en nuestros primeros a\u00f1os de vida [...]<\/p><\/div><\/article><article class=\"post fusion-column column col col-lg-12 col-md-12 col-sm-12\"><div class=\"recent-posts-content\"><span class=\"vcard\" style=\"display: none;\"><span class=\"fn\"><a href=\"https:\/\/cebie.es\/Staging\/author\/maricela\/\" title=\"Entradas de maricela\" rel=\"author\">maricela<\/a><\/span><\/span><span class=\"updated\" style=\"display:none;\">2017-06-08T18:50:55+02:00<\/span><h4 class=\"entry-title\"><a href=\"https:\/\/cebie.es\/Staging\/por-que-me-cuesta-pedir-ayuda\/\">\u00bfPor qu\u00e9 me cuesta pedir ayuda, por qu\u00e9 me da miedo el mundo?<\/a><\/h4><p class=\"meta\"><span class=\"vcard\" style=\"display: none;\"><span class=\"fn\"><a href=\"https:\/\/cebie.es\/Staging\/author\/maricela\/\" title=\"Entradas de maricela\" rel=\"author\">maricela<\/a><\/span><\/span><span class=\"updated\" style=\"display:none;\">2017-06-08T18:50:55+02:00<\/span><span>abril 29th, 2015<\/span><span class=\"fusion-inline-sep\">|<\/span><span class=\"fusion-comments\"><span>Comentarios desactivados<span class=\"screen-reader-text\"> en \u00bfPor qu\u00e9 me cuesta pedir ayuda, por qu\u00e9 me da miedo el mundo?<\/span><\/span><\/span><\/p><p> \u00bfPor qu\u00e9 me cuesta pedir ayuda, por qu\u00e9 me da miedo el mundo? Mar\u00eda, estudiante de psicolog\u00eda  Es una pregunta muy interesante y responderse es un deber, te invito a darte las respuestas\u00a0 [...]<\/p><\/div><\/article><article class=\"post fusion-column column col col-lg-12 col-md-12 col-sm-12\"><div class=\"recent-posts-content\"><span class=\"vcard\" style=\"display: none;\"><span class=\"fn\"><a href=\"https:\/\/cebie.es\/Staging\/author\/maricela\/\" title=\"Entradas de maricela\" rel=\"author\">maricela<\/a><\/span><\/span><span class=\"updated\" style=\"display:none;\">2017-06-08T18:53:27+02:00<\/span><h4 class=\"entry-title\"><a href=\"https:\/\/cebie.es\/Staging\/experiencia-desamor-psicologica\/\">Pas\u00e9 por una fuerte experiencia de desamor y no s\u00e9 qu\u00e9 hacer<\/a><\/h4><p class=\"meta\"><span class=\"vcard\" style=\"display: none;\"><span class=\"fn\"><a href=\"https:\/\/cebie.es\/Staging\/author\/maricela\/\" title=\"Entradas de maricela\" rel=\"author\">maricela<\/a><\/span><\/span><span class=\"updated\" style=\"display:none;\">2017-06-08T18:53:27+02:00<\/span><span>febrero 17th, 2015<\/span><span class=\"fusion-inline-sep\">|<\/span><span class=\"fusion-comments\"><span>Comentarios desactivados<span class=\"screen-reader-text\"> en Pas\u00e9 por una fuerte experiencia de desamor y no s\u00e9 qu\u00e9 hacer<\/span><\/span><\/span><\/p><p> Pas\u00e9 por una fuerte experiencia de desamor y no s\u00e9 qu\u00e9 hacer Karen  Hola Karen gracias por escribirnos y confiar tu problema, en principio quiero decirte que todo tiene soluci\u00f3n y es normal [...]<\/p><\/div><\/article><article class=\"post fusion-column column col col-lg-12 col-md-12 col-sm-12\"><div class=\"recent-posts-content\"><span class=\"vcard\" style=\"display: none;\"><span class=\"fn\"><a href=\"https:\/\/cebie.es\/Staging\/author\/maricela\/\" title=\"Entradas de maricela\" rel=\"author\">maricela<\/a><\/span><\/span><span class=\"updated\" style=\"display:none;\">2017-06-08T18:54:57+02:00<\/span><h4 class=\"entry-title\"><a href=\"https:\/\/cebie.es\/Staging\/miedo-a-hablar-en-publico\/\">Tengo miedo a hablar en p\u00fablico, \u00bfQu\u00e9 puedo hacer? (Diego)<\/a><\/h4><p class=\"meta\"><span class=\"vcard\" style=\"display: none;\"><span class=\"fn\"><a href=\"https:\/\/cebie.es\/Staging\/author\/maricela\/\" title=\"Entradas de maricela\" rel=\"author\">maricela<\/a><\/span><\/span><span class=\"updated\" style=\"display:none;\">2017-06-08T18:54:57+02:00<\/span><span>junio 16th, 2014<\/span><span class=\"fusion-inline-sep\">|<\/span><span class=\"fusion-comments\"><span>Comentarios desactivados<span class=\"screen-reader-text\"> en Tengo miedo a hablar en p\u00fablico, \u00bfQu\u00e9 puedo hacer? (Diego)<\/span><\/span><\/span><\/p><p> Tengo miedo a hablar en p\u00fablico Diego, joven universitario  Hola Diego gracias por escribirnos y comentarnos tu dificultad. Es evidentemente dif\u00edcil vivir temiendo al qu\u00e9 dir\u00e1n y desconfiando de si mimo; lo\u00a0 primero [...]<\/p><\/div><\/article><article class=\"post fusion-column column col col-lg-12 col-md-12 col-sm-12\"><div class=\"recent-posts-content\"><span class=\"vcard\" style=\"display: none;\"><span class=\"fn\"><a href=\"https:\/\/cebie.es\/Staging\/author\/maricela\/\" title=\"Entradas de maricela\" rel=\"author\">maricela<\/a><\/span><\/span><span class=\"updated\" style=\"display:none;\">2017-06-08T18:59:11+02:00<\/span><h4 class=\"entry-title\"><a href=\"https:\/\/cebie.es\/Staging\/no-puedo-olvidar-mi-expareja\/\">No puedo olvidarme de mi ex pareja \u00bfpor qu\u00e9 me pasa esto?<\/a><\/h4><p class=\"meta\"><span class=\"vcard\" style=\"display: none;\"><span class=\"fn\"><a href=\"https:\/\/cebie.es\/Staging\/author\/maricela\/\" title=\"Entradas de maricela\" rel=\"author\">maricela<\/a><\/span><\/span><span class=\"updated\" style=\"display:none;\">2017-06-08T18:59:11+02:00<\/span><span>febrero 11th, 2014<\/span><span class=\"fusion-inline-sep\">|<\/span><span class=\"fusion-comments\"><span>Comentarios desactivados<span class=\"screen-reader-text\"> en No puedo olvidarme de mi ex pareja \u00bfpor qu\u00e9 me pasa esto?<\/span><\/span><\/span><\/p><p> No puedo olvidarme de mi ex pareja \u00bfpor qu\u00e9 me pasa esto? \"Ella iba a lo suyo y yo a lo m\u00edo. No nos pod\u00edamos tolerar peque\u00f1os fallos, nos peleamos y lo dejamos pero [...]<\/p><\/div><\/article><\/section><\/div><div class=\"fusion-sep-clear\"><\/div><div class=\"fusion-separator fusion-full-width-sep\" style=\"margin-left: auto;margin-right: auto;margin-top:50px;width:100%;\"><\/div><div class=\"fusion-sep-clear\"><\/div><div class=\"fusion-text fusion-text-4\"><h4 style=\"text-align: left;\">CONTACTA<\/h4>\n<\/div><div class=\"fusion-sep-clear\"><\/div><div class=\"fusion-separator fusion-full-width-sep\" style=\"margin-left: auto;margin-right: auto;margin-top:0px;margin-bottom:30px;width:100%;max-width:100%;\"><div class=\"fusion-separator-border sep-single sep-solid\" style=\"--awb-height:20px;--awb-amount:20px;--awb-sep-color:#3bafbf;border-color:#3bafbf;border-top-width:2px;\"><\/div><\/div><div class=\"fusion-sep-clear\"><\/div><div class=\"fusion-text fusion-text-5\"><h4 style=\"font-weight: 400; text-align: center;\"><i class=\"fa fa-phone\"><\/i> \u00a0\u00a0636 016 783<\/h4>\n<\/div><div class=\"fusion-sep-clear\"><\/div><div class=\"fusion-separator fusion-full-width-sep\" style=\"margin-left: auto;margin-right: auto;margin-top:50px;width:100%;\"><\/div><div class=\"fusion-sep-clear\"><\/div><div class=\"fusion-clearfix\"><\/div><\/div><\/div><\/div><\/div>\n","protected":false},"excerpt":{"rendered":"","protected":false},"author":8,"featured_media":0,"comment_status":"open","ping_status":"open","sticky":false,"template":"","format":"standard","meta":{"_joinchat":[],"footnotes":""},"categories":[4],"tags":[],"class_list":["post-1642","post","type-post","status-publish","format-standard","hentry","category-consultas-psicologia"],"amp_enabled":true,"_links":{"self":[{"href":"https:\/\/cebie.es\/Staging\/wp-json\/wp\/v2\/posts\/1642","targetHints":{"allow":["GET"]}}],"collection":[{"href":"https:\/\/cebie.es\/Staging\/wp-json\/wp\/v2\/posts"}],"about":[{"href":"https:\/\/cebie.es\/Staging\/wp-json\/wp\/v2\/types\/post"}],"author":[{"embeddable":true,"href":"https:\/\/cebie.es\/Staging\/wp-json\/wp\/v2\/users\/8"}],"replies":[{"embeddable":true,"href":"https:\/\/cebie.es\/Staging\/wp-json\/wp\/v2\/comments?post=1642"}],"version-history":[{"count":0,"href":"https:\/\/cebie.es\/Staging\/wp-json\/wp\/v2\/posts\/1642\/revisions"}],"wp:attachment":[{"href":"https:\/\/cebie.es\/Staging\/wp-json\/wp\/v2\/media?parent=1642"}],"wp:term":[{"taxonomy":"category","embeddable":true,"href":"https:\/\/cebie.es\/Staging\/wp-json\/wp\/v2\/categories?post=1642"},{"taxonomy":"post_tag","embeddable":true,"href":"https:\/\/cebie.es\/Staging\/wp-json\/wp\/v2\/tags?post=1642"}],"curies":[{"name":"wp","href":"https:\/\/api.w.org\/{rel}","templated":true}]}}